{"id":1255,"date":"2024-12-06T09:45:37","date_gmt":"2024-12-06T08:45:37","guid":{"rendered":"http:\/\/ochota.fuw.edu.pl\/?p=1255"},"modified":"2025-06-03T14:50:26","modified_gmt":"2025-06-03T12:50:26","slug":"spotkanie-uczestnikow-sesji-jesiennej-3","status":"publish","type":"post","link":"https:\/\/ochota.fuw.edu.pl\/index.php\/2024\/12\/06\/spotkanie-uczestnikow-sesji-jesiennej-3\/","title":{"rendered":"Spotkanie uczestnik\u00f3w sesji jesiennej"},"content":{"rendered":"\n<p><br>Coroczne spotkanie uczestnik\u00f3w Jesiennej Sesji Grantowej odb\u0119dzie si\u0119 na FUW w pi\u0105tek 13 grudnia w godzinach 16:00 \u2013 19:00 w sali 1.01. Naszym go\u015bciem b\u0119dzie dr Monika Sitek, Kierownik Pracowni Instrumentalno-Dydaktycznej Obserwatorium Astronomicznego UW, kt\u00f3ra przygotowa\u0142a dla nas wyk\u0142ad zatytu\u0142owany<\/p>\n\n\n\n<p>Ciemna strona \u015bwiat\u0142a &#8211; interdyscyplinarny problem XXI wieku<\/p>\n\n\n\n<p>Program spotkania:<\/p>\n\n\n\n<p>16:00-16:15 Powitanie.<\/p>\n\n\n\n<p>16:15-17:00 Wyk\u0142ad Popularnonaukowy.<\/p>\n\n\n\n<p>17:00-17:15 Pytania\/Dyskusje.<\/p>\n\n\n\n<p>17:20-19:00 Wyst\u0105pienia Uczestnik\u00f3w.<\/p>\n\n\n\n<p><\/p>\n","protected":false},"excerpt":{"rendered":"<p>Coroczne spotkanie uczestnik\u00f3w Jesiennej Sesji Grantowej odb\u0119dzie si\u0119 na FUW w pi\u0105tek 13 grudnia w godzinach 16:00 \u2013 19:00 w sali 1.01. Naszym go\u015bciem b\u0119dzie dr Monika Sitek, Kierownik Pracowni Instrumentalno-Dydaktycznej Obserwatorium Astronomicznego UW, kt\u00f3ra przygotowa\u0142a dla nas wyk\u0142ad zatytu\u0142owany Ciemna strona \u015bwiat\u0142a &#8211; interdyscyplinarny problem XXI wieku Program spotkania: 16:00-16:15 Powitanie. 16:15-17:00 Wyk\u0142ad Popularnonaukowy. [&hellip;]<\/p>\n","protected":false},"author":1,"featured_media":1256,"comment_status":"closed","ping_status":"open","sticky":false,"template":"","format":"standard","meta":{"ngg_post_thumbnail":0,"footnotes":""},"categories":[18,5],"tags":[],"class_list":["post-1255","post","type-post","status-publish","format-standard","has-post-thumbnail","hentry","category-edycja-2024-25","category-komunikat"],"_links":{"self":[{"href":"https:\/\/ochota.fuw.edu.pl\/index.php\/wp-json\/wp\/v2\/posts\/1255","targetHints":{"allow":["GET"]}}],"collection":[{"href":"https:\/\/ochota.fuw.edu.pl\/index.php\/wp-json\/wp\/v2\/posts"}],"about":[{"href":"https:\/\/ochota.fuw.edu.pl\/index.php\/wp-json\/wp\/v2\/types\/post"}],"author":[{"embeddable":true,"href":"https:\/\/ochota.fuw.edu.pl\/index.php\/wp-json\/wp\/v2\/users\/1"}],"replies":[{"embeddable":true,"href":"https:\/\/ochota.fuw.edu.pl\/index.php\/wp-json\/wp\/v2\/comments?post=1255"}],"version-history":[{"count":1,"href":"https:\/\/ochota.fuw.edu.pl\/index.php\/wp-json\/wp\/v2\/posts\/1255\/revisions"}],"predecessor-version":[{"id":1257,"href":"https:\/\/ochota.fuw.edu.pl\/index.php\/wp-json\/wp\/v2\/posts\/1255\/revisions\/1257"}],"wp:featuredmedia":[{"embeddable":true,"href":"https:\/\/ochota.fuw.edu.pl\/index.php\/wp-json\/wp\/v2\/media\/1256"}],"wp:attachment":[{"href":"https:\/\/ochota.fuw.edu.pl\/index.php\/wp-json\/wp\/v2\/media?parent=1255"}],"wp:term":[{"taxonomy":"category","embeddable":true,"href":"https:\/\/ochota.fuw.edu.pl\/index.php\/wp-json\/wp\/v2\/categories?post=1255"},{"taxonomy":"post_tag","embeddable":true,"href":"https:\/\/ochota.fuw.edu.pl\/index.php\/wp-json\/wp\/v2\/tags?post=1255"}],"curies":[{"name":"wp","href":"https:\/\/api.w.org\/{rel}","templated":true}]}}